{"id":35231,"date":"2024-05-02T00:00:00","date_gmt":"2024-05-02T00:00:00","guid":{"rendered":"https:\/\/f.korosmentivallalkozaserosites.hu\/marciusi-novekedes-a-vendegejszakak-es-a-vendegek-szamaban-tavalyhoz-kepest\/"},"modified":"2026-03-03T15:17:44","modified_gmt":"2026-03-03T15:17:44","slug":"marciusi-novekedes-a-vendegejszakak-es-a-vendegek-szamaban-tavalyhoz-kepest","status":"publish","type":"post","link":"https:\/\/falusiturizmus.eu\/en\/marciusi-novekedes-a-vendegejszakak-es-a-vendegek-szamaban-tavalyhoz-kepest\/","title":{"rendered":"M\u00e1rciusi n\u00f6veked\u00e9s a vend\u00e9g\u00e9jszak\u00e1k \u00e9s a vend\u00e9gek sz\u00e1m\u00e1ban tavalyhoz k\u00e9pest"},"content":{"rendered":"<div class=\"wp-block-stackable-text stk-block-text stk-block stk-72c2539\" data-block-id=\"72c2539\"><p class=\"stk-block-text__text has-text-align-justify\">A t\u00e1j\u00e9koztat\u00e1s szerint <strong>2024 m\u00e1rcius\u00e1ban a turisztikai sz\u00e1ll\u00e1shelyeken (kereskedelmi, mag\u00e1n- \u00e9s egy\u00e9b sz\u00e1ll\u00e1shelyeken) 1,1 milli\u00f3 vend\u00e9g k\u00f6zel 2,8 milli\u00f3 vend\u00e9g\u00e9jszak\u00e1t t\u00f6lt\u00f6tt el.<\/strong> A vend\u00e9gek sz\u00e1ma 30, a vend\u00e9g\u00e9jszak\u00e1k\u00e9 25 sz\u00e1zal\u00e9kkal haladta meg az egy \u00e9vvel kor\u00e1bbit. A belf\u00f6ldi vend\u00e9gek \u00e1ltal elt\u00f6lt\u00f6tt \u00e9jszak\u00e1k sz\u00e1ma 22, a k\u00fclf\u00f6ldi vend\u00e9g\u00e9jszak\u00e1k\u00e9 27 sz\u00e1zal\u00e9kkal emelkedett.<\/p><\/div>\n\n\n\n<div class=\"wp-block-stackable-text stk-block-text stk-block stk-1f35737\" data-block-id=\"1f35737\"><p class=\"stk-block-text__text has-text-align-justify\">M\u00e1rciusban a vend\u00e9g\u00e9jszak\u00e1k <strong>72 sz\u00e1zal\u00e9k\u00e1t a kereskedelmi sz\u00e1ll\u00e1shelyek adt\u00e1k,<\/strong> ahol a forgalom 19 sz\u00e1zal\u00e9kkal volt nagyobb az el\u0151z\u0151 \u00e9vin\u00e9l. A mag\u00e1n- \u00e9s egy\u00e9b sz\u00e1ll\u00e1shelyeken <strong>43 sz\u00e1zal\u00e9kkal t\u00f6bb vend\u00e9g\u00e9jszak\u00e1t regisztr\u00e1ltak, <\/strong>mint tavaly m\u00e1rciusban.<\/p><\/div>\n\n\n\n<div class=\"wp-block-stackable-text stk-block-text stk-block stk-59cfb83\" data-block-id=\"59cfb83\"><p class=\"stk-block-text__text has-text-align-justify\">A belf\u00f6ldi vend\u00e9gek sz\u00e1ma 23, a vend\u00e9g\u00e9jszak\u00e1k\u00e9 22 sz\u00e1zal\u00e9kkal n\u0151tt m\u00e1rciusban az el\u0151z\u0151 \u00e9v azonos h\u00f3napj\u00e1hoz k\u00e9pest. A vend\u00e9gek sz\u00e1ma <strong>586 ezer,<\/strong> az elt\u00f6lt\u00f6tt vend\u00e9g\u00e9jszak\u00e1k\u00e9<strong> 1,3 milli\u00f3 <\/strong>volt a turisztikai sz\u00e1ll\u00e1shelyeken, ezen bel\u00fcl a kereskedelmi sz\u00e1ll\u00e1shelyeken <strong>431 ezer vend\u00e9get \u00e9s 973 ezer vend\u00e9g\u00e9jszak\u00e1t <\/strong>regisztr\u00e1ltak. Ut\u00f3bbiak 78 sz\u00e1zal\u00e9k\u00e1t sz\u00e1llod\u00e1kban t\u00f6lt\u00f6tt\u00e9k el, ahol a vend\u00e9g\u00e9jszak\u00e1k sz\u00e1ma<strong> 19 sz\u00e1zal\u00e9kkal magasabb<\/strong> volt az egy \u00e9vvel kor\u00e1bbin\u00e1l. A mag\u00e1n- \u00e9s egy\u00e9b sz\u00e1ll\u00e1shelyeken elt\u00f6lt\u00f6tt belf\u00f6ldi vend\u00e9g\u00e9jszak\u00e1k sz\u00e1ma <strong>37 sz\u00e1zal\u00e9kkal n\u0151tt <\/strong>2023 m\u00e1rcius\u00e1hoz k\u00e9pest.<\/p><\/div>\n\n\n\n<div class=\"wp-block-stackable-text stk-block-text stk-block stk-aaf6f38\" data-block-id=\"aaf6f38\"><p class=\"stk-block-text__text has-text-align-justify\">A belf\u00f6ldi vend\u00e9g\u00e9jszak\u00e1k sz\u00e1ma minden turisztikai t\u00e9rs\u00e9gben b\u0151v\u00fclt az el\u0151z\u0151 \u00e9v azonos id\u0151szak\u00e1hoz k\u00e9pest, a legnagyobb m\u00e9rt\u00e9kben <strong>Sopron-Fert\u0151 \u00e9s Gyula t\u00e9rs\u00e9g\u00e9ben, 69, illetve 33 sz\u00e1zal\u00e9kkal.<\/strong> A Balatonn\u00e1l 26, Budapesten 13 sz\u00e1zal\u00e9kkal emelkedett a turisztikai sz\u00e1ll\u00e1shelyeken elt\u00f6lt\u00f6tt belf\u00f6ldi vend\u00e9g\u00e9jszak\u00e1k sz\u00e1ma.<\/p><\/div>\n\n\n\n<div class=\"wp-block-stackable-text stk-block-text stk-block stk-99df5c4\" data-block-id=\"99df5c4\"><p class=\"stk-block-text__text has-text-align-justify\">M\u00e1rciusban a k\u00fclf\u00f6ldi vend\u00e9gek sz\u00e1ma 39, a vend\u00e9g\u00e9jszak\u00e1k\u00e9 27 sz\u00e1zal\u00e9kkal n\u0151tt az el\u0151z\u0151 \u00e9v azonos h\u00f3napj\u00e1hoz viszony\u00edtva. A turisztikai sz\u00e1ll\u00e1shelyekre \u00e9rkezett <strong>546 ezer vend\u00e9g 1,4 milli\u00f3 vend\u00e9g\u00e9jszak\u00e1t<\/strong> t\u00f6lt\u00f6tt el, amelyek k\u00f6z\u00fcl <strong>389 ezer vend\u00e9get \u00e9s 1,0 milli\u00f3 vend\u00e9g\u00e9jszak\u00e1t <\/strong>a kereskedelmi sz\u00e1ll\u00e1shelyeken regisztr\u00e1ltak. Ut\u00f3bbiak 84 sz\u00e1zal\u00e9k\u00e1t sz\u00e1llod\u00e1kban t\u00f6lt\u00f6tt\u00e9k el, ahol a vend\u00e9g\u00e9jszak\u00e1k sz\u00e1ma 21 sz\u00e1zal\u00e9kkal meghaladta az egy \u00e9vvel kor\u00e1bbit. A mag\u00e1n- \u00e9s egy\u00e9b sz\u00e1ll\u00e1shelyeken elt\u00f6lt\u00f6tt k\u00fclf\u00f6ldi vend\u00e9g\u00e9jszak\u00e1k sz\u00e1ma <strong>47 sz\u00e1zal\u00e9kkal n\u0151tt <\/strong>2023 m\u00e1rcius\u00e1hoz m\u00e9rten.<\/p><\/div>\n\n\n\n<div class=\"wp-block-stackable-text stk-block-text stk-block stk-c8806c9\" data-block-id=\"c8806c9\"><p class=\"stk-block-text__text has-text-align-justify\">A k\u00fclf\u00f6ldi vend\u00e9g\u00e9jszak\u00e1k sz\u00e1ma <strong>Debrecen \u00e9s t\u00e9rs\u00e9g\u00e9ben, illetve a M\u00e1tra-B\u00fckk turisztikai t\u00e9rs\u00e9gben egyar\u00e1nt 61 sz\u00e1zal\u00e9kkal b\u0151v\u00fclt, <\/strong>m\u00edg Gyula \u00e9s t\u00e9rs\u00e9g\u00e9ben 18 sz\u00e1zal\u00e9kkal cs\u00f6kkent az el\u0151z\u0151 \u00e9v azonos id\u0151szak\u00e1hoz viszony\u00edtva. A Balatonn\u00e1l 38, Budapesten 27 sz\u00e1zal\u00e9kkal emelkedett a turisztikai sz\u00e1ll\u00e1shelyeken elt\u00f6lt\u00f6tt k\u00fclf\u00f6ldi vend\u00e9g\u00e9jszak\u00e1k sz\u00e1ma.<\/p><\/div>\n\n\n\n<div class=\"wp-block-stackable-text stk-block-text stk-block stk-5c98204\" data-block-id=\"5c98204\"><p class=\"stk-block-text__text has-text-align-justify\">M\u00e1rciusban \u00f6sszesen<strong> 21 513 turisztikai sz\u00e1ll\u00e1shely,<\/strong> ezen bel\u00fcl 2236 kereskedelmi, illetve 19 277 mag\u00e1n- \u00e9s egy\u00e9b sz\u00e1ll\u00e1shely fogadott vend\u00e9geket. A kereskedelmi sz\u00e1ll\u00e1shelyek k\u00f6z\u00fcl <strong>917 sz\u00e1lloda \u00e9s 962 panzi\u00f3 <\/strong>volt nyitva m\u00e1rcius egy r\u00e9sz\u00e9ben vagy eg\u00e9sz\u00e9ben.<\/p><\/div>\n\n\n\n<div class=\"wp-block-stackable-text stk-block-text stk-block stk-e995135\" data-block-id=\"e995135\"><p class=\"stk-block-text__text has-text-align-justify\">A kereskedelmi sz\u00e1ll\u00e1shelyeken az \u00f6sszes brutt\u00f3 \u00e1rbev\u00e9tel<strong> 47,2 milli\u00e1rd forint <\/strong>volt, foly\u00f3 \u00e1ron 33 sz\u00e1zal\u00e9kkal magasabb az egy \u00e9vvel kor\u00e1bbin\u00e1l. Sz\u00e9chenyi Pihen\u0151k\u00e1rty\u00e1val foly\u00f3 \u00e1ron <strong>5,7 sz\u00e1zal\u00e9kkal t\u00f6bbet,<\/strong> k\u00f6zel 2,4 milli\u00e1rd forintot k\u00f6lt\u00f6ttek a k\u00e1rtyatulajdonosok a kereskedelmi sz\u00e1ll\u00e1shelyeken az el\u0151z\u0151 \u00e9v azonos h\u00f3napj\u00e1hoz viszony\u00edtva.<\/p><\/div>\n\n\n\n<div class=\"wp-block-stackable-text stk-block-text stk-block stk-3868e82\" data-block-id=\"3868e82\"><p class=\"stk-block-text__text has-text-align-justify\">Janu\u00e1r\u2013m\u00e1rciusban a turisztikai sz\u00e1ll\u00e1shelyeken az el\u0151z\u0151 \u00e9v azonos id\u0151szak\u00e1hoz k\u00e9pest <strong>18 sz\u00e1zal\u00e9kkal t\u00f6bb, \u00f6sszesen 7,1 milli\u00f3 vend\u00e9g\u00e9jszak\u00e1t <\/strong>regisztr\u00e1ltak. A belf\u00f6ldi vend\u00e9gek <strong>15, a k\u00fclf\u00f6ldiek 21 sz\u00e1zal\u00e9kkal t\u00f6bb<\/strong> (3,4 milli\u00f3, illetve 3,7 milli\u00f3) vend\u00e9g\u00e9jszak\u00e1t t\u00f6lt\u00f6ttek el a turisztikai sz\u00e1ll\u00e1shelyeken.<\/p><\/div>\n\n\n\n<div class=\"wp-block-stackable-text stk-block-text stk-block stk-f3135e0\" data-block-id=\"f3135e0\"><p class=\"stk-block-text__text\"><strong><em>Forr\u00e1s: <\/em><\/strong><br><a href=\"https:\/\/turizmus.com\/\">turizmus.com<\/a><\/p><\/div>","protected":false},"excerpt":{"rendered":"<p>A t\u00e1j\u00e9koztat\u00e1s szerint 2024 m\u00e1rcius\u00e1ban a turisztikai sz\u00e1ll\u00e1shelyeken (kereskedelmi, mag\u00e1n- \u00e9s egy\u00e9b sz\u00e1ll\u00e1shelyeken) 1,1 milli\u00f3 vend\u00e9g k\u00f6zel 2,8 milli\u00f3 vend\u00e9g\u00e9jszak\u00e1t t\u00f6lt\u00f6tt el. A vend\u00e9gek sz\u00e1ma 30, a vend\u00e9g\u00e9jszak\u00e1k\u00e9 25 sz\u00e1zal\u00e9kkal haladta meg az egy \u00e9vvel kor\u00e1bbit. A belf\u00f6ldi vend\u00e9gek \u00e1ltal elt\u00f6lt\u00f6tt \u00e9jszak\u00e1k sz\u00e1ma 22, a k\u00fclf\u00f6ldi vend\u00e9g\u00e9jszak\u00e1k\u00e9 27 sz\u00e1zal\u00e9kkal emelkedett. M\u00e1rciusban a vend\u00e9g\u00e9jszak\u00e1k 72 sz\u00e1zal\u00e9k\u00e1t [&hellip;]<\/p>\n","protected":false},"author":1,"featured_media":36862,"comment_status":"closed","ping_status":"closed","sticky":false,"template":"","format":"standard","meta":{"_monsterinsights_skip_tracking":false,"_monsterinsights_sitenote_active":false,"_monsterinsights_sitenote_note":"","_monsterinsights_sitenote_category":0,"footnotes":""},"categories":[2825],"tags":[],"class_list":["post-35231","post","type-post","status-publish","format-standard","has-post-thumbnail","hentry","category-egyeb-hirek"],"blocksy_meta":[],"yoast_head":"<!-- This site is optimized with the Yoast SEO plugin v27.0 - https:\/\/yoast.com\/product\/yoast-seo-wordpress\/ -->\n<title>M\u00e1rciusi n\u00f6veked\u00e9s a vend\u00e9g\u00e9jszak\u00e1k \u00e9s a vend\u00e9gek sz\u00e1m\u00e1ban tavalyhoz k\u00e9pest - Falusi \u00e9s Agroturizmus Orsz\u00e1gos Sz\u00f6vets\u00e9ge<\/title>\n<meta name=\"robots\" content=\"index, follow, max-snippet:-1, max-image-preview:large, max-video-preview:-1\" \/>\n<link rel=\"canonical\" href=\"https:\/\/falusiturizmus.eu\/en\/marciusi-novekedes-a-vendegejszakak-es-a-vendegek-szamaban-tavalyhoz-kepest\/\" \/>\n<meta property=\"og:locale\" content=\"en_GB\" \/>\n<meta property=\"og:type\" content=\"article\" \/>\n<meta property=\"og:title\" content=\"M\u00e1rciusi n\u00f6veked\u00e9s a vend\u00e9g\u00e9jszak\u00e1k \u00e9s a vend\u00e9gek sz\u00e1m\u00e1ban tavalyhoz k\u00e9pest - Falusi \u00e9s Agroturizmus Orsz\u00e1gos Sz\u00f6vets\u00e9ge\" \/>\n<meta property=\"og:description\" content=\"A t\u00e1j\u00e9koztat\u00e1s szerint 2024 m\u00e1rcius\u00e1ban a turisztikai sz\u00e1ll\u00e1shelyeken (kereskedelmi, mag\u00e1n- \u00e9s egy\u00e9b sz\u00e1ll\u00e1shelyeken) 1,1 milli\u00f3 vend\u00e9g k\u00f6zel 2,8 milli\u00f3 vend\u00e9g\u00e9jszak\u00e1t t\u00f6lt\u00f6tt el. A vend\u00e9gek sz\u00e1ma 30, a vend\u00e9g\u00e9jszak\u00e1k\u00e9 25 sz\u00e1zal\u00e9kkal haladta meg az egy \u00e9vvel kor\u00e1bbit. A belf\u00f6ldi vend\u00e9gek \u00e1ltal elt\u00f6lt\u00f6tt \u00e9jszak\u00e1k sz\u00e1ma 22, a k\u00fclf\u00f6ldi vend\u00e9g\u00e9jszak\u00e1k\u00e9 27 sz\u00e1zal\u00e9kkal emelkedett. M\u00e1rciusban a vend\u00e9g\u00e9jszak\u00e1k 72 sz\u00e1zal\u00e9k\u00e1t [&hellip;]\" \/>\n<meta property=\"og:url\" content=\"https:\/\/falusiturizmus.eu\/en\/marciusi-novekedes-a-vendegejszakak-es-a-vendegek-szamaban-tavalyhoz-kepest\/\" \/>\n<meta property=\"og:site_name\" content=\"Falusi \u00e9s Agroturizmus Orsz\u00e1gos Sz\u00f6vets\u00e9ge\" \/>\n<meta property=\"article:publisher\" content=\"https:\/\/www.facebook.com\/falusiturizmus.hu\" \/>\n<meta property=\"article:published_time\" content=\"2024-05-02T00:00:00+00:00\" \/>\n<meta property=\"article:modified_time\" content=\"2026-03-03T15:17:44+00:00\" \/>\n<meta property=\"og:image\" content=\"https:\/\/falusiturizmus.eu\/wp-content\/uploads\/2024\/05\/Marciusi-novekedes-a-vendegejszakak-es-a-vendegek-szamaban-tavalyhoz-kepest-16.9.jpg\" \/>\n\t<meta property=\"og:image:width\" content=\"840\" \/>\n\t<meta property=\"og:image:height\" content=\"473\" \/>\n\t<meta property=\"og:image:type\" content=\"image\/jpeg\" \/>\n<meta name=\"author\" content=\"szucszoli\" \/>\n<meta name=\"twitter:card\" content=\"summary_large_image\" \/>\n<meta name=\"twitter:label1\" content=\"Written by\" \/>\n\t<meta name=\"twitter:data1\" content=\"szucszoli\" \/>\n\t<meta name=\"twitter:label2\" content=\"Estimated reading time\" \/>\n\t<meta name=\"twitter:data2\" content=\"3 minutes\" \/>\n<script type=\"application\/ld+json\" class=\"yoast-schema-graph\">{\"@context\":\"https:\/\/schema.org\",\"@graph\":[{\"@type\":\"Article\",\"@id\":\"https:\/\/falusiturizmus.eu\/marciusi-novekedes-a-vendegejszakak-es-a-vendegek-szamaban-tavalyhoz-kepest\/#article\",\"isPartOf\":{\"@id\":\"https:\/\/falusiturizmus.eu\/marciusi-novekedes-a-vendegejszakak-es-a-vendegek-szamaban-tavalyhoz-kepest\/\"},\"author\":{\"name\":\"szucszoli\",\"@id\":\"https:\/\/falusiturizmus.eu\/#\/schema\/person\/cb400bd1c0280ee55d328049dfa1951b\"},\"headline\":\"M\u00e1rciusi n\u00f6veked\u00e9s a vend\u00e9g\u00e9jszak\u00e1k \u00e9s a vend\u00e9gek sz\u00e1m\u00e1ban tavalyhoz k\u00e9pest\",\"datePublished\":\"2024-05-02T00:00:00+00:00\",\"dateModified\":\"2026-03-03T15:17:44+00:00\",\"mainEntityOfPage\":{\"@id\":\"https:\/\/falusiturizmus.eu\/marciusi-novekedes-a-vendegejszakak-es-a-vendegek-szamaban-tavalyhoz-kepest\/\"},\"wordCount\":745,\"publisher\":{\"@id\":\"https:\/\/falusiturizmus.eu\/#organization\"},\"image\":{\"@id\":\"https:\/\/falusiturizmus.eu\/marciusi-novekedes-a-vendegejszakak-es-a-vendegek-szamaban-tavalyhoz-kepest\/#primaryimage\"},\"thumbnailUrl\":\"https:\/\/falusiturizmus.eu\/wp-content\/uploads\/2024\/05\/Marciusi-novekedes-a-vendegejszakak-es-a-vendegek-szamaban-tavalyhoz-kepest-16.9.jpg\",\"articleSection\":[\"Egy\u00e9b h\u00edrek\"],\"inLanguage\":\"en-GB\"},{\"@type\":\"WebPage\",\"@id\":\"https:\/\/falusiturizmus.eu\/marciusi-novekedes-a-vendegejszakak-es-a-vendegek-szamaban-tavalyhoz-kepest\/\",\"url\":\"https:\/\/falusiturizmus.eu\/marciusi-novekedes-a-vendegejszakak-es-a-vendegek-szamaban-tavalyhoz-kepest\/\",\"name\":\"M\u00e1rciusi n\u00f6veked\u00e9s a vend\u00e9g\u00e9jszak\u00e1k \u00e9s a vend\u00e9gek sz\u00e1m\u00e1ban tavalyhoz k\u00e9pest - Falusi \u00e9s Agroturizmus Orsz\u00e1gos Sz\u00f6vets\u00e9ge\",\"isPartOf\":{\"@id\":\"https:\/\/falusiturizmus.eu\/#website\"},\"primaryImageOfPage\":{\"@id\":\"https:\/\/falusiturizmus.eu\/marciusi-novekedes-a-vendegejszakak-es-a-vendegek-szamaban-tavalyhoz-kepest\/#primaryimage\"},\"image\":{\"@id\":\"https:\/\/falusiturizmus.eu\/marciusi-novekedes-a-vendegejszakak-es-a-vendegek-szamaban-tavalyhoz-kepest\/#primaryimage\"},\"thumbnailUrl\":\"https:\/\/falusiturizmus.eu\/wp-content\/uploads\/2024\/05\/Marciusi-novekedes-a-vendegejszakak-es-a-vendegek-szamaban-tavalyhoz-kepest-16.9.jpg\",\"datePublished\":\"2024-05-02T00:00:00+00:00\",\"dateModified\":\"2026-03-03T15:17:44+00:00\",\"breadcrumb\":{\"@id\":\"https:\/\/falusiturizmus.eu\/marciusi-novekedes-a-vendegejszakak-es-a-vendegek-szamaban-tavalyhoz-kepest\/#breadcrumb\"},\"inLanguage\":\"en-GB\",\"potentialAction\":[{\"@type\":\"ReadAction\",\"target\":[\"https:\/\/falusiturizmus.eu\/marciusi-novekedes-a-vendegejszakak-es-a-vendegek-szamaban-tavalyhoz-kepest\/\"]}]},{\"@type\":\"ImageObject\",\"inLanguage\":\"en-GB\",\"@id\":\"https:\/\/falusiturizmus.eu\/marciusi-novekedes-a-vendegejszakak-es-a-vendegek-szamaban-tavalyhoz-kepest\/#primaryimage\",\"url\":\"https:\/\/falusiturizmus.eu\/wp-content\/uploads\/2024\/05\/Marciusi-novekedes-a-vendegejszakak-es-a-vendegek-szamaban-tavalyhoz-kepest-16.9.jpg\",\"contentUrl\":\"https:\/\/falusiturizmus.eu\/wp-content\/uploads\/2024\/05\/Marciusi-novekedes-a-vendegejszakak-es-a-vendegek-szamaban-tavalyhoz-kepest-16.9.jpg\",\"width\":840,\"height\":473},{\"@type\":\"BreadcrumbList\",\"@id\":\"https:\/\/falusiturizmus.eu\/marciusi-novekedes-a-vendegejszakak-es-a-vendegek-szamaban-tavalyhoz-kepest\/#breadcrumb\",\"itemListElement\":[{\"@type\":\"ListItem\",\"position\":1,\"name\":\"Kezd\u0151lap\",\"item\":\"https:\/\/falusiturizmus.eu\/\"},{\"@type\":\"ListItem\",\"position\":2,\"name\":\"M\u00e1rciusi n\u00f6veked\u00e9s a vend\u00e9g\u00e9jszak\u00e1k \u00e9s a vend\u00e9gek sz\u00e1m\u00e1ban tavalyhoz k\u00e9pest\"}]},{\"@type\":\"WebSite\",\"@id\":\"https:\/\/falusiturizmus.eu\/#website\",\"url\":\"https:\/\/falusiturizmus.eu\/\",\"name\":\"Falusi \u00e9s Agroturizmus Orsz\u00e1gos Sz\u00f6vets\u00e9ge\",\"description\":\"\",\"publisher\":{\"@id\":\"https:\/\/falusiturizmus.eu\/#organization\"},\"potentialAction\":[{\"@type\":\"SearchAction\",\"target\":{\"@type\":\"EntryPoint\",\"urlTemplate\":\"https:\/\/falusiturizmus.eu\/?s={search_term_string}\"},\"query-input\":{\"@type\":\"PropertyValueSpecification\",\"valueRequired\":true,\"valueName\":\"search_term_string\"}}],\"inLanguage\":\"en-GB\"},{\"@type\":\"Organization\",\"@id\":\"https:\/\/falusiturizmus.eu\/#organization\",\"name\":\"Falusi \u00e9s Agroturizmus Orsz\u00e1gos Sz\u00f6vets\u00e9ge\",\"url\":\"https:\/\/falusiturizmus.eu\/\",\"logo\":{\"@type\":\"ImageObject\",\"inLanguage\":\"en-GB\",\"@id\":\"https:\/\/falusiturizmus.eu\/#\/schema\/logo\/image\/\",\"url\":\"https:\/\/falusiturizmus.eu\/wp-content\/uploads\/2026\/01\/logo.png\",\"contentUrl\":\"https:\/\/falusiturizmus.eu\/wp-content\/uploads\/2026\/01\/logo.png\",\"width\":512,\"height\":521,\"caption\":\"Falusi \u00e9s Agroturizmus Orsz\u00e1gos Sz\u00f6vets\u00e9ge\"},\"image\":{\"@id\":\"https:\/\/falusiturizmus.eu\/#\/schema\/logo\/image\/\"},\"sameAs\":[\"https:\/\/www.facebook.com\/falusiturizmus.hu\",\"https:\/\/www.instagram.com\/falusiesagroturizmus\/?hl=hu\",\"https:\/\/www.youtube.com\/channel\/UCsCVuuFdNNsrFCqOOBDbPtw\"]},{\"@type\":\"Person\",\"@id\":\"https:\/\/falusiturizmus.eu\/#\/schema\/person\/cb400bd1c0280ee55d328049dfa1951b\",\"name\":\"szucszoli\",\"image\":{\"@type\":\"ImageObject\",\"inLanguage\":\"en-GB\",\"@id\":\"https:\/\/falusiturizmus.eu\/#\/schema\/person\/image\/\",\"url\":\"https:\/\/secure.gravatar.com\/avatar\/dde6198f74011ed178b8884dfe6f401a88c1b7a0e655ec198ff7ad87e849fd05?s=96&d=mm&r=g\",\"contentUrl\":\"https:\/\/secure.gravatar.com\/avatar\/dde6198f74011ed178b8884dfe6f401a88c1b7a0e655ec198ff7ad87e849fd05?s=96&d=mm&r=g\",\"caption\":\"szucszoli\"},\"sameAs\":[\"https:\/\/falusiturizmus.eu\"],\"url\":\"https:\/\/falusiturizmus.eu\/en\/author\/szucszoli\/\"}]}<\/script>\n<!-- \/ Yoast SEO plugin. -->","yoast_head_json":{"title":"M\u00e1rciusi n\u00f6veked\u00e9s a vend\u00e9g\u00e9jszak\u00e1k \u00e9s a vend\u00e9gek sz\u00e1m\u00e1ban tavalyhoz k\u00e9pest - Falusi \u00e9s Agroturizmus Orsz\u00e1gos Sz\u00f6vets\u00e9ge","robots":{"index":"index","follow":"follow","max-snippet":"max-snippet:-1","max-image-preview":"max-image-preview:large","max-video-preview":"max-video-preview:-1"},"canonical":"https:\/\/falusiturizmus.eu\/en\/marciusi-novekedes-a-vendegejszakak-es-a-vendegek-szamaban-tavalyhoz-kepest\/","og_locale":"en_GB","og_type":"article","og_title":"M\u00e1rciusi n\u00f6veked\u00e9s a vend\u00e9g\u00e9jszak\u00e1k \u00e9s a vend\u00e9gek sz\u00e1m\u00e1ban tavalyhoz k\u00e9pest - Falusi \u00e9s Agroturizmus Orsz\u00e1gos Sz\u00f6vets\u00e9ge","og_description":"A t\u00e1j\u00e9koztat\u00e1s szerint 2024 m\u00e1rcius\u00e1ban a turisztikai sz\u00e1ll\u00e1shelyeken (kereskedelmi, mag\u00e1n- \u00e9s egy\u00e9b sz\u00e1ll\u00e1shelyeken) 1,1 milli\u00f3 vend\u00e9g k\u00f6zel 2,8 milli\u00f3 vend\u00e9g\u00e9jszak\u00e1t t\u00f6lt\u00f6tt el. A vend\u00e9gek sz\u00e1ma 30, a vend\u00e9g\u00e9jszak\u00e1k\u00e9 25 sz\u00e1zal\u00e9kkal haladta meg az egy \u00e9vvel kor\u00e1bbit. A belf\u00f6ldi vend\u00e9gek \u00e1ltal elt\u00f6lt\u00f6tt \u00e9jszak\u00e1k sz\u00e1ma 22, a k\u00fclf\u00f6ldi vend\u00e9g\u00e9jszak\u00e1k\u00e9 27 sz\u00e1zal\u00e9kkal emelkedett. M\u00e1rciusban a vend\u00e9g\u00e9jszak\u00e1k 72 sz\u00e1zal\u00e9k\u00e1t [&hellip;]","og_url":"https:\/\/falusiturizmus.eu\/en\/marciusi-novekedes-a-vendegejszakak-es-a-vendegek-szamaban-tavalyhoz-kepest\/","og_site_name":"Falusi \u00e9s Agroturizmus Orsz\u00e1gos Sz\u00f6vets\u00e9ge","article_publisher":"https:\/\/www.facebook.com\/falusiturizmus.hu","article_published_time":"2024-05-02T00:00:00+00:00","article_modified_time":"2026-03-03T15:17:44+00:00","og_image":[{"width":840,"height":473,"url":"https:\/\/falusiturizmus.eu\/wp-content\/uploads\/2024\/05\/Marciusi-novekedes-a-vendegejszakak-es-a-vendegek-szamaban-tavalyhoz-kepest-16.9.jpg","type":"image\/jpeg"}],"author":"szucszoli","twitter_card":"summary_large_image","twitter_misc":{"Written by":"szucszoli","Estimated reading time":"3 minutes"},"schema":{"@context":"https:\/\/schema.org","@graph":[{"@type":"Article","@id":"https:\/\/falusiturizmus.eu\/marciusi-novekedes-a-vendegejszakak-es-a-vendegek-szamaban-tavalyhoz-kepest\/#article","isPartOf":{"@id":"https:\/\/falusiturizmus.eu\/marciusi-novekedes-a-vendegejszakak-es-a-vendegek-szamaban-tavalyhoz-kepest\/"},"author":{"name":"szucszoli","@id":"https:\/\/falusiturizmus.eu\/#\/schema\/person\/cb400bd1c0280ee55d328049dfa1951b"},"headline":"M\u00e1rciusi n\u00f6veked\u00e9s a vend\u00e9g\u00e9jszak\u00e1k \u00e9s a vend\u00e9gek sz\u00e1m\u00e1ban tavalyhoz k\u00e9pest","datePublished":"2024-05-02T00:00:00+00:00","dateModified":"2026-03-03T15:17:44+00:00","mainEntityOfPage":{"@id":"https:\/\/falusiturizmus.eu\/marciusi-novekedes-a-vendegejszakak-es-a-vendegek-szamaban-tavalyhoz-kepest\/"},"wordCount":745,"publisher":{"@id":"https:\/\/falusiturizmus.eu\/#organization"},"image":{"@id":"https:\/\/falusiturizmus.eu\/marciusi-novekedes-a-vendegejszakak-es-a-vendegek-szamaban-tavalyhoz-kepest\/#primaryimage"},"thumbnailUrl":"https:\/\/falusiturizmus.eu\/wp-content\/uploads\/2024\/05\/Marciusi-novekedes-a-vendegejszakak-es-a-vendegek-szamaban-tavalyhoz-kepest-16.9.jpg","articleSection":["Egy\u00e9b h\u00edrek"],"inLanguage":"en-GB"},{"@type":"WebPage","@id":"https:\/\/falusiturizmus.eu\/marciusi-novekedes-a-vendegejszakak-es-a-vendegek-szamaban-tavalyhoz-kepest\/","url":"https:\/\/falusiturizmus.eu\/marciusi-novekedes-a-vendegejszakak-es-a-vendegek-szamaban-tavalyhoz-kepest\/","name":"M\u00e1rciusi n\u00f6veked\u00e9s a vend\u00e9g\u00e9jszak\u00e1k \u00e9s a vend\u00e9gek sz\u00e1m\u00e1ban tavalyhoz k\u00e9pest - Falusi \u00e9s Agroturizmus Orsz\u00e1gos Sz\u00f6vets\u00e9ge","isPartOf":{"@id":"https:\/\/falusiturizmus.eu\/#website"},"primaryImageOfPage":{"@id":"https:\/\/falusiturizmus.eu\/marciusi-novekedes-a-vendegejszakak-es-a-vendegek-szamaban-tavalyhoz-kepest\/#primaryimage"},"image":{"@id":"https:\/\/falusiturizmus.eu\/marciusi-novekedes-a-vendegejszakak-es-a-vendegek-szamaban-tavalyhoz-kepest\/#primaryimage"},"thumbnailUrl":"https:\/\/falusiturizmus.eu\/wp-content\/uploads\/2024\/05\/Marciusi-novekedes-a-vendegejszakak-es-a-vendegek-szamaban-tavalyhoz-kepest-16.9.jpg","datePublished":"2024-05-02T00:00:00+00:00","dateModified":"2026-03-03T15:17:44+00:00","breadcrumb":{"@id":"https:\/\/falusiturizmus.eu\/marciusi-novekedes-a-vendegejszakak-es-a-vendegek-szamaban-tavalyhoz-kepest\/#breadcrumb"},"inLanguage":"en-GB","potentialAction":[{"@type":"ReadAction","target":["https:\/\/falusiturizmus.eu\/marciusi-novekedes-a-vendegejszakak-es-a-vendegek-szamaban-tavalyhoz-kepest\/"]}]},{"@type":"ImageObject","inLanguage":"en-GB","@id":"https:\/\/falusiturizmus.eu\/marciusi-novekedes-a-vendegejszakak-es-a-vendegek-szamaban-tavalyhoz-kepest\/#primaryimage","url":"https:\/\/falusiturizmus.eu\/wp-content\/uploads\/2024\/05\/Marciusi-novekedes-a-vendegejszakak-es-a-vendegek-szamaban-tavalyhoz-kepest-16.9.jpg","contentUrl":"https:\/\/falusiturizmus.eu\/wp-content\/uploads\/2024\/05\/Marciusi-novekedes-a-vendegejszakak-es-a-vendegek-szamaban-tavalyhoz-kepest-16.9.jpg","width":840,"height":473},{"@type":"BreadcrumbList","@id":"https:\/\/falusiturizmus.eu\/marciusi-novekedes-a-vendegejszakak-es-a-vendegek-szamaban-tavalyhoz-kepest\/#breadcrumb","itemListElement":[{"@type":"ListItem","position":1,"name":"Kezd\u0151lap","item":"https:\/\/falusiturizmus.eu\/"},{"@type":"ListItem","position":2,"name":"M\u00e1rciusi n\u00f6veked\u00e9s a vend\u00e9g\u00e9jszak\u00e1k \u00e9s a vend\u00e9gek sz\u00e1m\u00e1ban tavalyhoz k\u00e9pest"}]},{"@type":"WebSite","@id":"https:\/\/falusiturizmus.eu\/#website","url":"https:\/\/falusiturizmus.eu\/","name":"Falusi \u00e9s Agroturizmus Orsz\u00e1gos Sz\u00f6vets\u00e9ge","description":"","publisher":{"@id":"https:\/\/falusiturizmus.eu\/#organization"},"potentialAction":[{"@type":"SearchAction","target":{"@type":"EntryPoint","urlTemplate":"https:\/\/falusiturizmus.eu\/?s={search_term_string}"},"query-input":{"@type":"PropertyValueSpecification","valueRequired":true,"valueName":"search_term_string"}}],"inLanguage":"en-GB"},{"@type":"Organization","@id":"https:\/\/falusiturizmus.eu\/#organization","name":"Falusi \u00e9s Agroturizmus Orsz\u00e1gos Sz\u00f6vets\u00e9ge","url":"https:\/\/falusiturizmus.eu\/","logo":{"@type":"ImageObject","inLanguage":"en-GB","@id":"https:\/\/falusiturizmus.eu\/#\/schema\/logo\/image\/","url":"https:\/\/falusiturizmus.eu\/wp-content\/uploads\/2026\/01\/logo.png","contentUrl":"https:\/\/falusiturizmus.eu\/wp-content\/uploads\/2026\/01\/logo.png","width":512,"height":521,"caption":"Falusi \u00e9s Agroturizmus Orsz\u00e1gos Sz\u00f6vets\u00e9ge"},"image":{"@id":"https:\/\/falusiturizmus.eu\/#\/schema\/logo\/image\/"},"sameAs":["https:\/\/www.facebook.com\/falusiturizmus.hu","https:\/\/www.instagram.com\/falusiesagroturizmus\/?hl=hu","https:\/\/www.youtube.com\/channel\/UCsCVuuFdNNsrFCqOOBDbPtw"]},{"@type":"Person","@id":"https:\/\/falusiturizmus.eu\/#\/schema\/person\/cb400bd1c0280ee55d328049dfa1951b","name":"szucszoli","image":{"@type":"ImageObject","inLanguage":"en-GB","@id":"https:\/\/falusiturizmus.eu\/#\/schema\/person\/image\/","url":"https:\/\/secure.gravatar.com\/avatar\/dde6198f74011ed178b8884dfe6f401a88c1b7a0e655ec198ff7ad87e849fd05?s=96&d=mm&r=g","contentUrl":"https:\/\/secure.gravatar.com\/avatar\/dde6198f74011ed178b8884dfe6f401a88c1b7a0e655ec198ff7ad87e849fd05?s=96&d=mm&r=g","caption":"szucszoli"},"sameAs":["https:\/\/falusiturizmus.eu"],"url":"https:\/\/falusiturizmus.eu\/en\/author\/szucszoli\/"}]}},"_links":{"self":[{"href":"https:\/\/falusiturizmus.eu\/en\/wp-json\/wp\/v2\/posts\/35231","targetHints":{"allow":["GET"]}}],"collection":[{"href":"https:\/\/falusiturizmus.eu\/en\/wp-json\/wp\/v2\/posts"}],"about":[{"href":"https:\/\/falusiturizmus.eu\/en\/wp-json\/wp\/v2\/types\/post"}],"author":[{"embeddable":true,"href":"https:\/\/falusiturizmus.eu\/en\/wp-json\/wp\/v2\/users\/1"}],"replies":[{"embeddable":true,"href":"https:\/\/falusiturizmus.eu\/en\/wp-json\/wp\/v2\/comments?post=35231"}],"version-history":[{"count":2,"href":"https:\/\/falusiturizmus.eu\/en\/wp-json\/wp\/v2\/posts\/35231\/revisions"}],"predecessor-version":[{"id":36865,"href":"https:\/\/falusiturizmus.eu\/en\/wp-json\/wp\/v2\/posts\/35231\/revisions\/36865"}],"wp:featuredmedia":[{"embeddable":true,"href":"https:\/\/falusiturizmus.eu\/en\/wp-json\/wp\/v2\/media\/36862"}],"wp:attachment":[{"href":"https:\/\/falusiturizmus.eu\/en\/wp-json\/wp\/v2\/media?parent=35231"}],"wp:term":[{"taxonomy":"category","embeddable":true,"href":"https:\/\/falusiturizmus.eu\/en\/wp-json\/wp\/v2\/categories?post=35231"},{"taxonomy":"post_tag","embeddable":true,"href":"https:\/\/falusiturizmus.eu\/en\/wp-json\/wp\/v2\/tags?post=35231"}],"curies":[{"name":"wp","href":"https:\/\/api.w.org\/{rel}","templated":true}]}}